{"id":301,"date":"2022-04-20T11:51:04","date_gmt":"2022-04-20T09:51:04","guid":{"rendered":"http:\/\/affable59.fr\/dj419799-ovh\/?p=301"},"modified":"2022-04-20T11:54:49","modified_gmt":"2022-04-20T09:54:49","slug":"accueil-familial-ou-habitat-inclusif","status":"publish","type":"post","link":"https:\/\/affable59.fr\/dj419799-ovh\/index.php\/2022\/04\/20\/accueil-familial-ou-habitat-inclusif\/","title":{"rendered":"Accueil familial ou habitat inclusif ?"},"content":{"rendered":"\n<figure class=\"wp-block-gallery has-nested-images columns-default is-cropped wp-block-gallery-1 is-layout-flex wp-block-gallery-is-layout-flex\">\n<figure class=\"wp-block-image size-large\"><img loading=\"lazy\" decoding=\"async\" width=\"847\" height=\"565\" data-id=\"304\" src=\"http:\/\/affable59.fr\/dj419799-ovh\/wp-content\/uploads\/2022\/04\/Mains-HBGM-1.jpg\" alt=\"\" class=\"wp-image-304\" srcset=\"https:\/\/affable59.fr\/dj419799-ovh\/wp-content\/uploads\/2022\/04\/Mains-HBGM-1.jpg 847w, https:\/\/affable59.fr\/dj419799-ovh\/wp-content\/uploads\/2022\/04\/Mains-HBGM-1-300x200.jpg 300w, https:\/\/affable59.fr\/dj419799-ovh\/wp-content\/uploads\/2022\/04\/Mains-HBGM-1-768x512.jpg 768w\" sizes=\"(max-width: 847px) 100vw, 847px\" \/><\/figure>\n<\/figure>\n\n\n\n<p>Lettre du 21\/04\/2022\u00a0 adress\u00e9e aux Accueillants familiaux\u00a0 du D\u00e9partement du NORD<\/p>\n\n\n\n<p>Chers coll\u00e8gues,<\/p>\n\n\n\n<p>L&#8217;habitat inclusif ou partag\u00e9<br>Vous avez certainement entendu parl\u00e9 de l&#8217;habitat inclusif ou partag\u00e9&#8230;<br>Cette solution d&#8217;h\u00e9bergement existe depuis 2019 et ce ph\u00e9nom\u00e8ne \u00e0 la mode est plac\u00e9 au firmament de l&#8217;habitat partag\u00e9 par nos d\u00e9cideurs. Les entreprises priv\u00e9es se sont jet\u00e9es sur cette belle perspective financi\u00e8re. Apr\u00e8s quelques ann\u00e9es de recul, l&#8217;exp\u00e9rience n&#8217;est pas forcement favorable aux r\u00e9sidents qui regrettent un cadre peu familial, une harmonie entre r\u00e9sidents pas toujours conviviale formant ici et l\u00e0 des clans et surtout peu s\u00e9curisant. Il suffit d&#8217;interroger les proches des r\u00e9sidents, les repr\u00e9sentant l\u00e9gaux et surtout les r\u00e9sidents qui regrettent trop souvent un projet de vie annonc\u00e9 comme une cure de jouvence.<br>Avant peu de temps, Nous constateront les effets n\u00e9gatifs de ce dispositif, une alternative \u00e0 la maison de retraite, une solution d&#8217;h\u00e9bergement favoris\u00e9e par les promesses et la publicit\u00e9 des grands groupes financiers sans grand contr\u00f4le de nos gouvernants. On connait la suite et surtout l&#8217;actualit\u00e9&#8230;<br>La cohabitation entre s\u00e9niors ou adultes handicap\u00e9s est une affaire de professionnels, form\u00e9s et encadr\u00e9s par le D\u00e9partement par des accueillants familiaux qui rel\u00e8vent d&#8217;un agr\u00e9ment renouvel\u00e9 r\u00e9guli\u00e8rement.<br>Il vous est certainement venu \u00e0 l&#8217;id\u00e9e que l&#8217;habitat partag\u00e9 c&#8217;est aussi&#8230; et surtout\u00a0 l&#8217;accueil familial ! concept vertueux qui existe depuis 30 ans, qui offre la cohabitation solidaire et interg\u00e9n\u00e9rationnelle dans un cadre s\u00e9curisant. Et oui l\u00e0 encore notre solution d&#8217;h\u00e9bergement, a fait des \u00e9mules puisque nos dirigeants bien pensants ont consid\u00e9r\u00e9 qu&#8217;il \u00e9tait certainement possible de faire cohabiter des adultes en situation de handicap ou des s\u00e9niors en l\u00e9g\u00e8re perte d&#8217;autonomie sans la pr\u00e9sence d&#8217;accueillants familiaux.. Voil\u00e0 ce que devait \u00eatre l&#8217;habitat partag\u00e9, inclusif, un clone de l&#8217;accueil familial sans les accueillants mais avec gouvernantes ou animatrices r\u00e9mun\u00e9r\u00e9es en commun par les 8 r\u00e9sidents , c&#8217;est a dire tr\u00e8s \u00e9conomique.<br>Nos d\u00e9cideurs se sont bien tromp\u00e9s, c&#8217;\u00e9tait sans compter sur la cohabitation souvent compliqu\u00e9e entre les 8 personnes au profil diff\u00e9rents h\u00e9berg\u00e9es  dans la m\u00eame maison avec des gouvernantes beaucoup moins impliqu\u00e9es que des Accueillantes familiales qui assurent dans leurs propres maisons \u00e0 la fois l&#8217;harmonie et la permanence H24.<br>Dans l&#8217;habitat inclusif,\u00a0 les gouvernantes remplacent les accueillantes sauf que celles-ci ne sont ni form\u00e9es et encadr\u00e9es par le D\u00e9partement, elles sont salari\u00e9es d&#8217;une grande association, d&#8217;une collectivit\u00e9 ou d&#8217;une entreprise priv\u00e9e et ne disposent d&#8217;aucun agr\u00e9ment .\u00a0 Bizarre,\u00a0 vous avez dit bizarre ! V\u00e9ritable bombe a retardement, nous en verront vite les effets.<br>Bien \u00e9videmment, le cadre l\u00e9gal de cette nouvelle solution d&#8217;h\u00e9bergement est \u00e9volutif, , d\u00e9j\u00e0 remani\u00e9 entretemps par le gouvernement&#8230; A suivre !<br>Dernier constat&#8230; Pour avoir approch\u00e9 des r\u00e9sidents de l&#8217;habitat inclusif, aucuns d\u2019entre eux m&#8217;a confirm\u00e9 avoir re\u00e7u une information concernant l&#8217;accueil familial et de ses bienfaits. La plupart m&#8217;ont clairement exprim\u00e9 avoir eu uniquement le choix entre rester seul \u00e0 domicile, la maison de retraite ou l&#8217;habitat inclusif. L&#8217;Accueil familial est oubli\u00e9 ? NON ! \u00e9cart\u00e9, simplement \u00e9cart\u00e9. Constat amer alors que depuis des ann\u00e9es, les accueillants familiaux ont nettement am\u00e9lior\u00e9 l&#8217;offre, que des familles d&#8217;accueil sont disponibles et s&#8217;engagent dans un contrat et projet d&#8217;accueil personnalis\u00e9 sous contr\u00f4le permanent du D\u00e9partement.<\/p>\n\n\n\n<p>Vos d\u00e9vou\u00e9s, L&#8217;\u00e9quipe Affable59,Jean Paul Degheselle, Pr\u00e9sident fondateur d&#8217;Affable59<\/p>\n","protected":false},"excerpt":{"rendered":"<p>Lettre du 21\/04\/2022\u00a0 adress\u00e9e aux Accueillants familiaux\u00a0 du D\u00e9partement du NORD Chers coll\u00e8gues, L&#8217;habitat inclusif ou partag\u00e9Vous avez certainement entendu parl\u00e9 de l&#8217;habitat inclusif ou partag\u00e9&#8230;Cette solution d&#8217;h\u00e9bergement existe depuis 2019 et ce ph\u00e9nom\u00e8ne \u00e0 la mode est plac\u00e9 au firmament de l&#8217;habitat partag\u00e9 par nos d\u00e9cideurs. Les entreprises priv\u00e9es se sont jet\u00e9es sur cette [&hellip;]<\/p>\n","protected":false},"author":2,"featured_media":0,"comment_status":"open","ping_status":"open","sticky":false,"template":"","format":"standard","meta":{"footnotes":""},"categories":[1],"tags":[],"_links":{"self":[{"href":"https:\/\/affable59.fr\/dj419799-ovh\/index.php\/wp-json\/wp\/v2\/posts\/301"}],"collection":[{"href":"https:\/\/affable59.fr\/dj419799-ovh\/index.php\/wp-json\/wp\/v2\/posts"}],"about":[{"href":"https:\/\/affable59.fr\/dj419799-ovh\/index.php\/wp-json\/wp\/v2\/types\/post"}],"author":[{"embeddable":true,"href":"https:\/\/affable59.fr\/dj419799-ovh\/index.php\/wp-json\/wp\/v2\/users\/2"}],"replies":[{"embeddable":true,"href":"https:\/\/affable59.fr\/dj419799-ovh\/index.php\/wp-json\/wp\/v2\/comments?post=301"}],"version-history":[{"count":2,"href":"https:\/\/affable59.fr\/dj419799-ovh\/index.php\/wp-json\/wp\/v2\/posts\/301\/revisions"}],"predecessor-version":[{"id":305,"href":"https:\/\/affable59.fr\/dj419799-ovh\/index.php\/wp-json\/wp\/v2\/posts\/301\/revisions\/305"}],"wp:attachment":[{"href":"https:\/\/affable59.fr\/dj419799-ovh\/index.php\/wp-json\/wp\/v2\/media?parent=301"}],"wp:term":[{"taxonomy":"category","embeddable":true,"href":"https:\/\/affable59.fr\/dj419799-ovh\/index.php\/wp-json\/wp\/v2\/categories?post=301"},{"taxonomy":"post_tag","embeddable":true,"href":"https:\/\/affable59.fr\/dj419799-ovh\/index.php\/wp-json\/wp\/v2\/tags?post=301"}],"curies":[{"name":"wp","href":"https:\/\/api.w.org\/{rel}","templated":true}]}}