{"id":312,"date":"2022-05-20T07:29:45","date_gmt":"2022-05-20T05:29:45","guid":{"rendered":"http:\/\/affable59.fr\/dj419799-ovh\/?p=312"},"modified":"2022-05-20T07:29:46","modified_gmt":"2022-05-20T05:29:46","slug":"les-sujetions-particulieres-les-modalites-dapplications-et-les-diverses-pratiques-que-nous-rencontrons-sur-le-terrain","status":"publish","type":"post","link":"https:\/\/affable59.fr\/dj419799-ovh\/index.php\/2022\/05\/20\/les-sujetions-particulieres-les-modalites-dapplications-et-les-diverses-pratiques-que-nous-rencontrons-sur-le-terrain\/","title":{"rendered":"Les suj\u00e9tions particuli\u00e8res&#8230; les modalit\u00e9s d&#8217;applications et les diverses pratiques que nous rencontrons sur le terrain !"},"content":{"rendered":"\n<p>Chers coll\u00e8gues,<\/p>\n\n\n\n<figure class=\"wp-block-image size-full is-resized\"><img loading=\"lazy\" decoding=\"async\" src=\"http:\/\/affable59.fr\/dj419799-ovh\/wp-content\/uploads\/2022\/03\/wp76bcfeb3_05_06-1.jpg\" alt=\"\" class=\"wp-image-167\" width=\"304\" height=\"368\" srcset=\"https:\/\/affable59.fr\/dj419799-ovh\/wp-content\/uploads\/2022\/03\/wp76bcfeb3_05_06-1.jpg 260w, https:\/\/affable59.fr\/dj419799-ovh\/wp-content\/uploads\/2022\/03\/wp76bcfeb3_05_06-1-248x300.jpg 248w\" sizes=\"(max-width: 304px) 100vw, 304px\" \/><\/figure>\n\n\n\n<p><strong>Les suj\u00e9tions particuli\u00e8res&#8230; les modalit\u00e9s d&#8217;applications et les diverses pratiques que nous rencontrons sur le terrain !<\/strong><br>Nous intervenons souvent dans cette newsletter pour informer au mieux les accueillants sur les suj\u00e9tions particuli\u00e8res . les news de fin f\u00e9vrier et de fin mars traitaient d\u00e9j\u00e0 de ce sujet&#8230;N\u00e9anmoins, lors de nos permanences t\u00e9l du mardi et du jeudi , nous constatons avec regret que peu d&#8217;accueillantes s&#8217;investissent dans l&#8217;argumentation, faisant confiance au m\u00e9decin traitant, au m\u00e9decin coordinateur de l&#8217;Ehpad, au sp\u00e9cialiste (le g\u00e9riatre,le psychiatre etc etc). qui \u00e0 notre grand \u00e9tonnement \u00e9tablissent &#8220;trop l\u00e9g\u00e8rement&#8221; les 5 items de la grille.Accueillants familiaux, engagez vous dans la r\u00e9daction de vos grilles de suj\u00e9tions, d\u00e9fendez bec et ongles votre implication, votre attention dans le travail. C&#8217;est le score de la grille de suj\u00e9tion qui d\u00e9termine aussi votre r\u00e9mun\u00e9ration.<br><strong>Pourquoi une telle situation ?<\/strong>Pour rappel :<\/p>\n\n\n\n<ul><li><em>&#8220;l&#8217;indemnit\u00e9 de suj\u00e9tion particuli\u00e8re est d\u00e9finie par la disponibilit\u00e9 ou l&#8217;attention de l&#8217;accueillant pour mener \u00e0 bien le projet d&#8217;accueil personnalis\u00e9 de la personne accueillie en fonction de son \u00e9tat de sant\u00e9. &#8220;<\/em><\/li><\/ul>\n\n\n\n<p>Le m\u00e9decin en g\u00e9n\u00e9ral (quelque soit sa sp\u00e9cialit\u00e9) ne connait pas bien cette grille. Nous recevons des appels de m\u00e9decins pour obtenir de l&#8217;information \u00e0 ce sujet. Ceux-ci \u00e9tablissent uniquement en fonction du GIR ou de la perte d&#8217;autonomie, ce qui est une grave lacune. Le m\u00e9decin ne connait pas le m\u00e9tier d&#8217;Accueillant, et une notice d&#8217;utilisation de cette grille de suj\u00e9tion lui fait d\u00e9faut.<br>Les grilles de suj\u00e9tions \u00e9tablies pour des personnes de 85 ans (et + ) qui entrent en Accueil familial et donc le score de la grille autorise seulement 1 suj\u00e9tion voire pas du tout sont trop fr\u00e9quentes. Pendant la p\u00e9riode probatoire du contrat d&#8217;accueil , l&#8217;accueillante se rends compte de la difficult\u00e9 du travail, prends conscience que la grille de suj\u00e9tion est erron\u00e9e avec pour effet la rupture du contrat \u00e0 venir.<\/p>\n\n\n\n<p><strong>Comment faire dans ce cas ?<\/strong><\/p>\n\n\n\n<ul><li>Multiplier les journ\u00e9es d&#8217;essais afin de bien connaitre le profil de votre futur accueilli avant de signer un contrat d&#8217;accueil.<\/li><li>Questionner la famille naturelle, exposer vos attentes mais \u00e9galement votre disponibilit\u00e9.<\/li><li>Engagez vous, d\u00e9placez vous dans le bureau du m\u00e9decin et aidez le par votre argumentation a r\u00e9diger cette fameuse grille.<\/li><li>Solliciter le r\u00e9f\u00e9rent social du D\u00e9partement pour obtenir un appui technique en tenant compte que le travailleur social n&#8217;est pas un accueillant familial, il fera peut \u00eatre l&#8217;impasse sur diff\u00e9rents points sp\u00e9cifiques \u00e0 votre activit\u00e9&#8230; \u00a0<\/li><\/ul>\n\n\n\n<p><strong>Enfin, pour m\u00e9moire :<\/strong><\/p>\n\n\n\n<ul><li>Pour \u00eatre valid\u00e9e, la grille est \u00e9tablie et sign\u00e9 par le m\u00e9decin traitant\u00a0 ou \u00e9ventuellement le m\u00e9decin sp\u00e9cialiste (le g\u00e9riatre, le psychiatre etc etc).<\/li><li>Pour \u00e9viter les abus ( ex: certificat de complaisance ),\u00a0 le D\u00e9partement exerce le contr\u00f4le et v\u00e9rifie si la grille est coh\u00e9rente par rapport au projet d&#8217;accueil. Soyez extr\u00eamement vigilant dans la r\u00e9daction des documents transmis aux P\u00f4les Autonomie, <strong>\u00e9tudiez soigneusement le projet d&#8217;accueil <em>(document obligatoire au m\u00eame titre que le contrat d&#8217;accueil) <\/em>en fonction de vos comp\u00e9tences et de votre disponibilit\u00e9 au regard des besoins de la personne accueillie.<\/strong><\/li><\/ul>\n\n\n\n<p class=\"has-pale-cyan-blue-background-color has-background\">Vous rencontrez des difficult\u00e9s, vous manquez d&#8217;exp\u00e9rience OU vous avez l&#8217;impression que le contrat d&#8217;accueil et les autres pi\u00e8ces administratives obligatoires \u00e9tabli par le repr\u00e9sentant l\u00e9gal ne corresponds pas \u00e0 votre engagement (ce qui arrivent trop souvent avec les associations de tutelles) , vous pouvez nous solliciter pour une \u00e9tude de la grille de suj\u00e9tion, nous \u00e9tablirons ensemble et\/ou avec le concours\u00a0 et l&#8217;autorisation des proches de la personne accueillie le profil du futur accueilli et r\u00e9digerons une simulation, une \u00e9bauche de la fameuse grille de suj\u00e9tion \u00e0 l&#8217;attention du m\u00e9decin qui d\u00e9cidera de suivre (ou pas) nos indications.<\/p>\n\n\n\n<p>\u00a0Vos d\u00e9vou\u00e9s, <\/p>\n\n\n\n<p>L&#8217;\u00e9quipe Affable59 &#8211; Jean Paul Degheselle, Pr\u00e9sident fondateur d&#8217;Affable59<\/p>\n","protected":false},"excerpt":{"rendered":"<p>Chers coll\u00e8gues, Les suj\u00e9tions particuli\u00e8res&#8230; les modalit\u00e9s d&#8217;applications et les diverses pratiques que nous rencontrons sur le terrain !Nous intervenons souvent dans cette newsletter pour informer au mieux les accueillants sur les suj\u00e9tions particuli\u00e8res . les news de fin f\u00e9vrier et de fin mars traitaient d\u00e9j\u00e0 de ce sujet&#8230;N\u00e9anmoins, lors de nos permanences t\u00e9l du [&hellip;]<\/p>\n","protected":false},"author":1,"featured_media":0,"comment_status":"open","ping_status":"open","sticky":false,"template":"","format":"standard","meta":{"footnotes":""},"categories":[1],"tags":[],"_links":{"self":[{"href":"https:\/\/affable59.fr\/dj419799-ovh\/index.php\/wp-json\/wp\/v2\/posts\/312"}],"collection":[{"href":"https:\/\/affable59.fr\/dj419799-ovh\/index.php\/wp-json\/wp\/v2\/posts"}],"about":[{"href":"https:\/\/affable59.fr\/dj419799-ovh\/index.php\/wp-json\/wp\/v2\/types\/post"}],"author":[{"embeddable":true,"href":"https:\/\/affable59.fr\/dj419799-ovh\/index.php\/wp-json\/wp\/v2\/users\/1"}],"replies":[{"embeddable":true,"href":"https:\/\/affable59.fr\/dj419799-ovh\/index.php\/wp-json\/wp\/v2\/comments?post=312"}],"version-history":[{"count":1,"href":"https:\/\/affable59.fr\/dj419799-ovh\/index.php\/wp-json\/wp\/v2\/posts\/312\/revisions"}],"predecessor-version":[{"id":313,"href":"https:\/\/affable59.fr\/dj419799-ovh\/index.php\/wp-json\/wp\/v2\/posts\/312\/revisions\/313"}],"wp:attachment":[{"href":"https:\/\/affable59.fr\/dj419799-ovh\/index.php\/wp-json\/wp\/v2\/media?parent=312"}],"wp:term":[{"taxonomy":"category","embeddable":true,"href":"https:\/\/affable59.fr\/dj419799-ovh\/index.php\/wp-json\/wp\/v2\/categories?post=312"},{"taxonomy":"post_tag","embeddable":true,"href":"https:\/\/affable59.fr\/dj419799-ovh\/index.php\/wp-json\/wp\/v2\/tags?post=312"}],"curies":[{"name":"wp","href":"https:\/\/api.w.org\/{rel}","templated":true}]}}