{"id":425,"date":"2022-08-29T18:50:35","date_gmt":"2022-08-29T16:50:35","guid":{"rendered":"http:\/\/affable59.fr\/dj419799-ovh\/?p=425"},"modified":"2023-02-06T09:19:59","modified_gmt":"2023-02-06T08:19:59","slug":"une-rentree-pas-tres-rassurante","status":"publish","type":"post","link":"https:\/\/affable59.fr\/dj419799-ovh\/index.php\/2022\/08\/29\/une-rentree-pas-tres-rassurante\/","title":{"rendered":"Une rentr\u00e9e pas tr\u00e8s rassurante&#8230;"},"content":{"rendered":"\n<figure class=\"wp-block-image size-full is-resized\"><img loading=\"lazy\" decoding=\"async\" src=\"http:\/\/affable59.fr\/dj419799-ovh\/wp-content\/uploads\/2022\/04\/30365168_s-2-1.jpg\" alt=\"Illustration\" class=\"wp-image-235\" width=\"608\" height=\"404\" srcset=\"https:\/\/affable59.fr\/dj419799-ovh\/wp-content\/uploads\/2022\/04\/30365168_s-2-1.jpg 848w, https:\/\/affable59.fr\/dj419799-ovh\/wp-content\/uploads\/2022\/04\/30365168_s-2-1-300x200.jpg 300w, https:\/\/affable59.fr\/dj419799-ovh\/wp-content\/uploads\/2022\/04\/30365168_s-2-1-768x512.jpg 768w\" sizes=\"(max-width: 608px) 100vw, 608px\" \/><\/figure>\n\n\n\n<p>20\/08\/2022 &#8211; Une rentr\u00e9e pas tr\u00e8s rassurante&#8230;<\/p>\n\n\n\n<p>La vague de chaleur <a><\/a>rencontr\u00e9e cette \u00e9t\u00e9 et les graves incendies ici et l\u00e0 d\u00e9montrent encore une fois que l&#8217;on vit tr\u00e8s bien dans le d\u00e9partement du NORD m\u00eame si nous rencontrons depuis quelques ann\u00e9es des signes inqui\u00e9tants de grande s\u00e9cheresse \u00e0 venir. Concernant la chaleur, l&#8217;\u00e9t\u00e9 n&#8217;est pas fini, nos plages de sable fin et la mer du Nord attendent accueillants et accueillis sur nos digues festives. Pour ceux qui sont un peu plus loin, nos grandes forets mais aussi notre patrimoine et nos vielles pierres proposent le charme de belles promenades \u00e0 l&#8217;ombre.<\/p>\n\n\n\n<p>Actualisation du SMIC au 1er aout<\/p>\n\n\n\n<p>L&#8217;inflation est galopante, le SMIC vient d&#8217;\u00eatre revaloris\u00e9 au 1er aout ( le SMIC passe \u00e0 11,07\u20ac, le MG \u00e0 3,94\u20ac) et les diff\u00e9rentes actualisations depuis le depuis de l&#8217;ann\u00e9e ne suffisent pas \u00e0 limiter l&#8217;impact sur l&#8217;accueil familial. Il suffit de faire les courses pour constater que la vie devient tr\u00e8s ch\u00e8re due \u00e0 certains manufacturiers, producteurs et distributeurs qui profitent du climat de guerre aux fronti\u00e8res de l&#8217;Europe pour se faire de la marge suppl\u00e9mentaire sur le dos du consommateur et l&#8217;accueillant familial qui doit composer avec de grandes tabl\u00e9es.<\/p>\n\n\n\n<p>La continuit\u00e9 et les cong\u00e9s de l&#8217;accueillant<\/p>\n\n\n\n<p>Cette ann\u00e9e encore, en juillet et en aout, le R\u00e9seau Affable Plus constate que beaucoup trop d&#8217;accueillants familiaux n&#8217;ont pas pu prendre de r\u00e9pit et encore moins de cong\u00e9s. Le constat est amer, la continuit\u00e9 est encore plus difficile a mettre en place en p\u00e9riode estivale. Il existerait pourtant une solution simple&#8230;telle qu&#8217;elle se pratique dans diff\u00e9rentes corporations comme l&#8217;activit\u00e9 agricole. La mutualisation des moyens, le partage des saisonniers et rempla\u00e7ants qualifi\u00e9s et polyvalents ! C&#8217;est surement la solution d&#8217;avenir pour l&#8217;accueil , il faudrait alors revoir le cadre l\u00e9gal pour que chaque accueillant puisse devenir \u00e9galement particulier employeur afin de n\u00e9gocier, r\u00e9mun\u00e9rer lui m\u00eame son propre remplacement&#8230; appuy\u00e9 et soutenu par une coop\u00e9rative pourquoi pas, d&#8217;une association comme Affable59 qui dispose des moyens techniques pour l&#8217;organiser. Vaste programme, nous y reviendrons pour d\u00e9velopper.<\/p>\n\n\n\n<p>L&#8217;accueillante gr\u00e9viste a enfin jet\u00e9 l&#8217;\u00e9ponge&#8230;<\/p>\n\n\n\n<p>Nous nous r\u00e9jouissons de la fin de cette gr\u00e8ve de la faim, je salue la d\u00e9termination de cette accueillante gr\u00e9viste et je suis rassur\u00e9 pour sa sant\u00e9. Elle s&#8217;en sort bien !<\/p>\n\n\n\n<p>Depuis f\u00e9vrier, en 2 gr\u00e8ves de la faim, dans une d\u00e9marche personnelle, elle a tent\u00e9 maladroitement, en utilisant les r\u00e9seaux sociaux, d&#8217;attirer les projecteurs pour d\u00e9noncer les conditions tarifaires de l&#8217;Accueil familial . Elle n&#8217;\u00e9tait soutenue que par un petit comit\u00e9 et \u00e0 grands coups d&#8217;informations erron\u00e9es et de chiffres fantaisistes, de dire tout et son contraire, elle s&#8217;est discr\u00e9dit\u00e9e. Le 06 du mois d&#8217;aout, \u00e9reint\u00e9e et sans grand succ\u00e8s, elle a fini par jeter l&#8217;\u00e9ponge !<\/p>\n\n\n\n<p>Je comprends que beaucoup d&#8217;accueillants en France, non reconnus, ignor\u00e9s et soucieux de leur statut pr\u00e9caire et bancal ont sign\u00e9s une p\u00e9tition galvaud\u00e9e par les arguments outranciers de la conseill\u00e8re de Madame Th\u00e9r\u00e8se Bauwens. C&#8217;\u00e9tait le but de cette campagne de d\u00e9sinformations publi\u00e9es sur une plateforme de p\u00e9titions dans le seul but \u00e9tait de faire de l&#8217;audience et de trouver un peu de cr\u00e9dit sur une gr\u00e8ve vou\u00e9e \u00e0 l&#8217;\u00e9chec.<\/p>\n\n\n\n<p>Pas une seule fois en 6 mois, ces 2 femmes ont apport\u00e9 une information s\u00e9rieuse aux accueillants concernant &#8220;la r\u00e9mun\u00e9ration&#8221; qui est compos\u00e9e des services rendus ET des suj\u00e9tions particuli\u00e8res. Pas un seul mot sur les suj\u00e9tions alors qu&#8217;il y a tant \u00e0 dire et a expliquer&#8230;sur la pratique et l&#8217;\u00e9tablissement de la grille de suj\u00e9tions qui favorise une r\u00e9mun\u00e9ration d\u00e9cente et justifi\u00e9e de l&#8217;accueil !<\/p>\n\n\n\n<p>Malencontreusement , par ses vid\u00e9os quasi quotidiennes, Th\u00e9r\u00e8se ayant d\u00e9cid\u00e9 de parler au nom de &#8220;toutes les accueillantes de France&#8221; a terni l&#8217;image des professionnels qui composent l&#8217;Accueil familial. Voil\u00e0 ce que nous rapportent la grande majorit\u00e9 d&#8217;Accueillants du NORD mais surtout les familles naturelles, les repr\u00e9sentants l\u00e9gaux effray\u00e9s par le discours agressif de l&#8217;accueillante gr\u00e9viste.<\/p>\n\n\n\n<p>Je le r\u00e9p\u00e8te \u00e0 qui veut l&#8217;entendre, les personnes accueillies sont au c\u0153ur de nos maisons et ne pas tenir compte de leurs ressentis ou de leurs repr\u00e9sentants est une grave erreur ! Imposer des tarifs exorbitants r\u00e9clam\u00e9s par la gr\u00e9viste rel\u00e8ve de la m\u00e9connaissance du &#8220;march\u00e9&#8221; Je pr\u00e9cise pour ceux qui font encore la sourde oreille qu\u2019aujourd\u2019hui l&#8217;Accueil familial se trouve en concurrence avec de multiples solutions d&#8217;h\u00e9bergement pour les personnes en perte d&#8217;autonomie et que malheureusement l&#8217;accueillant (seul dans son coin) maitrise tr\u00e8s mal la Silver Economie. Nous en reparlerons parce que les accueillants familiaux propose la meilleure offre d&#8217;h\u00e9bergement et cela personne n&#8217;en parle au grand public.<\/p>\n\n\n\n<p>Enfin, cet \u00e9pisode de gr\u00e8ve d\u00e9montre une fois de plus le peu d\u2019enthousiasme d&#8217;un gouvernement, tr\u00e8s souvent alert\u00e9, pour conforter et d\u00e9velopper l&#8217;accueil familial. Depuis 1989, les accueillants familiaux ont largement d\u00e9montr\u00e9 et amplifier le s\u00e9rieux de l&#8217;offre, qui j&#8217;aime \u00e0 le rappeler se trouve dans un cadre familial respectueux, protecteur et bienveillant mais aussi m\u00e9ritant (contexte Covid) .<\/p>\n\n\n\n<p class=\"has-black-color has-pale-cyan-blue-background-color has-text-color has-background\">Derni\u00e8re minute&#8230; Les services du nouveau Ministre de la Solidarit\u00e9 et de l&#8217;Autonomie M. COMBE recevront prochainement (le14\/09\/2022) entre autres les repr\u00e9sentants nationaux des accueillants familiaux pour les entendre sur la situation et l&#8217;\u00e9volution possible de l&#8217;accueil familial. Th\u00e9r\u00e8se et la conseill\u00e8re seront \u00e9cart\u00e9es de cette concertation&#8230; c&#8217;est d\u00e9j\u00e0 une bonne nouvelle !<\/p>\n\n\n\n<p>Pour le devenir de l&#8217;Accueil, Il est grand temps d&#8217;amorcer un grand virage pour poursuivre l\u2019\u00e9volution du statut de l&#8217;Accueillant, et de ce magnifique dispositif&#8230; une solution d&#8217;h\u00e9bergement et d&#8217;accompagnement fond\u00e9 sur la prise en charge globale de soins aux services des plus fragiles ! Sinon, nous irons droit dans le mur, l&#8217;Accueil s&#8217;\u00e9teindra naturellement par les d\u00e9parts en retraite, et \u00e9galement par le refus de travailler sous un statut engendrant trop de pr\u00e9carit\u00e9 sociale.<\/p>\n\n\n\n<p>Serons nous entendus ? A suivre&#8230;et bonne rentr\u00e9e !<\/p>\n\n\n\n<p>Vos d\u00e9vou\u00e9s,<\/p>\n\n\n\n<p>l&#8217;\u00e9quipe Affable59<\/p>\n\n\n\n<p>Jean-Paul Degheselle, Pr\u00e9sident fondateur d&#8217;Affable59<\/p>\n","protected":false},"excerpt":{"rendered":"<p>20\/08\/2022 &#8211; Une rentr\u00e9e pas tr\u00e8s rassurante&#8230; La vague de chaleur rencontr\u00e9e cette \u00e9t\u00e9 et les graves incendies ici et l\u00e0 d\u00e9montrent encore une fois que l&#8217;on vit tr\u00e8s bien dans le d\u00e9partement du NORD m\u00eame si nous rencontrons depuis quelques ann\u00e9es des signes inqui\u00e9tants de grande s\u00e9cheresse \u00e0 venir. Concernant la chaleur, l&#8217;\u00e9t\u00e9 n&#8217;est [&hellip;]<\/p>\n","protected":false},"author":2,"featured_media":0,"comment_status":"open","ping_status":"open","sticky":false,"template":"","format":"standard","meta":{"footnotes":""},"categories":[1],"tags":[],"_links":{"self":[{"href":"https:\/\/affable59.fr\/dj419799-ovh\/index.php\/wp-json\/wp\/v2\/posts\/425"}],"collection":[{"href":"https:\/\/affable59.fr\/dj419799-ovh\/index.php\/wp-json\/wp\/v2\/posts"}],"about":[{"href":"https:\/\/affable59.fr\/dj419799-ovh\/index.php\/wp-json\/wp\/v2\/types\/post"}],"author":[{"embeddable":true,"href":"https:\/\/affable59.fr\/dj419799-ovh\/index.php\/wp-json\/wp\/v2\/users\/2"}],"replies":[{"embeddable":true,"href":"https:\/\/affable59.fr\/dj419799-ovh\/index.php\/wp-json\/wp\/v2\/comments?post=425"}],"version-history":[{"count":3,"href":"https:\/\/affable59.fr\/dj419799-ovh\/index.php\/wp-json\/wp\/v2\/posts\/425\/revisions"}],"predecessor-version":[{"id":660,"href":"https:\/\/affable59.fr\/dj419799-ovh\/index.php\/wp-json\/wp\/v2\/posts\/425\/revisions\/660"}],"wp:attachment":[{"href":"https:\/\/affable59.fr\/dj419799-ovh\/index.php\/wp-json\/wp\/v2\/media?parent=425"}],"wp:term":[{"taxonomy":"category","embeddable":true,"href":"https:\/\/affable59.fr\/dj419799-ovh\/index.php\/wp-json\/wp\/v2\/categories?post=425"},{"taxonomy":"post_tag","embeddable":true,"href":"https:\/\/affable59.fr\/dj419799-ovh\/index.php\/wp-json\/wp\/v2\/tags?post=425"}],"curies":[{"name":"wp","href":"https:\/\/api.w.org\/{rel}","templated":true}]}}