{"id":628,"date":"2022-11-14T17:43:13","date_gmt":"2022-11-14T16:43:13","guid":{"rendered":"http:\/\/affable59.fr\/dj419799-ovh\/?p=628"},"modified":"2022-11-14T18:32:48","modified_gmt":"2022-11-14T17:32:48","slug":"cesu-acteur-de-laccueil-familial","status":"publish","type":"post","link":"https:\/\/affable59.fr\/dj419799-ovh\/index.php\/2022\/11\/14\/cesu-acteur-de-laccueil-familial\/","title":{"rendered":"Cesu\u2026 Acteur de l&#8217;accueil familial ?"},"content":{"rendered":"\n<p style=\"font-size:18px\">Affable59 \/Accueil familial \/ News du 15\/11\/2022 \/  CESU&#8230; Acteur de l&#8217;accueil familial ?<\/p>\n\n\n\n<figure class=\"wp-block-image size-full\"><img loading=\"lazy\" decoding=\"async\" width=\"640\" height=\"426\" src=\"http:\/\/affable59.fr\/dj419799-ovh\/wp-content\/uploads\/2022\/08\/couple-gd61ea5f24_640.jpg\" alt=\"\" class=\"wp-image-584\" srcset=\"https:\/\/affable59.fr\/dj419799-ovh\/wp-content\/uploads\/2022\/08\/couple-gd61ea5f24_640.jpg 640w, https:\/\/affable59.fr\/dj419799-ovh\/wp-content\/uploads\/2022\/08\/couple-gd61ea5f24_640-300x200.jpg 300w\" sizes=\"(max-width: 640px) 100vw, 640px\" \/><\/figure>\n\n\n\n<p class=\"has-small-font-size\"><em>Newsletter distribu\u00e9e \u00e0 2850 destinataires : Accueillants, repr\u00e9sentants l\u00e9gaux, familles naturelles, acteurs de l&#8217;accueil familial , Conseillers d\u00e9partementaux, d\u00e9put\u00e9s et s\u00e9nateurs, \u00c9lus et politiques, services du D\u00e9partement du Nord, professionnels de sant\u00e9, Associations d\u00e9di\u00e9es \u00e0 l&#8217;autonomie des personnes \u00e2g\u00e9es et\/ou en situation de handicap et associations repr\u00e9sentatives des Accueillants de France<\/em>.<\/p>\n\n\n\n<p style=\"font-size:18px\"><strong>Comment tout cela fonctionne ? <\/strong><\/p>\n\n\n\n<p style=\"font-size:15px\">Si le dispositif national de l&#8217;accueil familial pour personnes \u00e2g\u00e9es ou adultes en situation de handicap existe depuis plus de 30 ans , ce n&#8217;est que depuis quelques ann\u00e9es que le paiement des contreparties financi\u00e8res li\u00e9es a l&#8217;accueil est plus facile a mettre en place, cette \u00e9volution du \u00e0 la professionnalisation \u00e9tait attendue depuis des lustres.Depuis le 1er janvier 2019, la personne accueillie (le particulier employeur) est dans l&#8217;obligation d&#8217;\u00e9tablir mensuellement une d\u00e9claration \u00e0 l&#8217;URSSAF service Cesu. Elle d\u00e9clare les dispositions financi\u00e8res mais \u00e9galement les absences ou \u00e9v\u00e8nements du mois qui viendraient modifier le RCF &#8211; Relev\u00e9 des Contreparties Financi\u00e8res &#8211; commun\u00e9ment appel\u00e9 &#8220;le bulletin de paie&#8221;<\/p>\n\n\n\n<p style=\"font-size:18px\"><strong>Bri\u00e8vement &#8230; un peu d&#8217;historique !&nbsp;<\/strong><\/p>\n\n\n\n<p style=\"font-size:15px\">Depuis des d\u00e9cennies, dans le d\u00e9partement du NORD, la gestion de la plupart des relev\u00e9s des contreparties financi\u00e8res \u00e9tait &#8220;orchestr\u00e9e&#8221; par des suivis ext\u00e9rieurs (conventionn\u00e9s avec le D\u00e9partement) qui \u00e9tablissait de fa\u00e7on plus ou moins r\u00e9guli\u00e8re les bulletins de paie. Sans contrat de prestations administratives avec les repr\u00e9sentants l\u00e9gaux et surtout sans cadre l\u00e9gal puisque nous savons aujourd\u2019hui que cela ne faisait pas partie de leur mission encadr\u00e9e par le D\u00e9partement.R\u00e9sultats .. des centaines d&#8217;accueillants familiaux qui se retrouvent aujourd\u2019hui avec des relev\u00e9s de carri\u00e8res incomplets. Les Suivis conventionn\u00e9s ont trop souvent omis d&#8217;\u00e9tablir les d\u00e9claration annuelles aupr\u00e8s de la CARSAT.<\/p>\n\n\n\n<p><strong>Au 1er janvier 2019, un CESU obligatoire et d\u00e9di\u00e9 \u00e0 l&#8217;accueil familial&#8230;<\/strong><\/p>\n\n\n\n<p style=\"font-size:15px\">Tout de go, disons que le CESU Accueil familial n&#8217;a rien d&#8217;exceptionnel, rien de bien performant&#8230; mais cela \u00e0 le m\u00e9rite d&#8217;exister et qu&#8217;il apporte la garantie \u00e0 l&#8217;accueillant familial et \u00e0 la personne accueillie que ceux-ci sont bien d\u00e9clar\u00e9s aux caisses sociales. Le C\u00e9su Accueil familial est une pi\u00e8tre copie du C\u00e9su commun (celui qui permet au particulier de d\u00e9clarer tr\u00e8s facilement le jardinier), et il est bien loin d&#8217;\u00eatre adapt\u00e9 au dispositif de l&#8217;accueil familial.<\/p>\n\n\n\n<p class=\"has-black-color has-pale-cyan-blue-background-color has-text-color has-background\" style=\"font-size:16px\"><strong>Affable59, association d\u00e9partementale des accueillants familiaux  depuis 2015 et \u00e9galement prestataire administratif de l&#8217;accueil familial depuis 2017, d\u00e9nonce et alerte r\u00e9guli\u00e8rement le CESU sur le simplisme de sa plateforme internet .<\/strong><\/p>\n\n\n\n<p style=\"font-size:15px\">Ci-dessous, 2 exemples qui impactent fortement l&#8217;accueil familial et nous pourrions lister une page compl\u00e8te &#8230; <\/p>\n\n\n\n<ul style=\"font-size:15px\">\n<li>Le logiciel ne permet pas sauf &#8220;bidouillage&#8221; (et cure d&#8217;aspirine) d&#8217;\u00e9diter des d\u00e9clarations claires, pr\u00e9cises et d\u00e9taill\u00e9es lorsqu&#8217;il existe de multiples \u00e9v\u00e8nements ou absences avec diff\u00e9rents intervenants et sur des p\u00e9riodes diff\u00e9rentes.<\/li>\n<\/ul>\n\n\n\n<ul style=\"font-size:15px\">\n<li>Le compte employeur est prot\u00e9g\u00e9 par un identifiant et mot de passe, sauf que le &#8220;d\u00e9clarant&#8221; (personne qui \u00e9tablie ou modifie une d\u00e9claration CESU n&#8217;est pas identifi\u00e9 par le CESU \u00e0 chacune de ses interventions, ce qui autorise une gestion possible du compte employeur \u00e0 plusieurs mains . Nous rencontrons le probl\u00e8me avec des comptes employeurs r\u00e9cup\u00e9r\u00e9s par le repr\u00e9sentant l\u00e9gal qui revient et modifie des d\u00e9clarations pr\u00e9c\u00e9dentes sans en avoir a se justifier puisque ce n&#8217;est pas trac\u00e9&#8230;.Cela existe ! Est-ce frauduleux ? Pas forc\u00e9ment mais ce n&#8217;est pas sain ! <\/li>\n<\/ul>\n\n\n\n<p style=\"font-size:15px\">Cette \u00e9volution \u00e0 venir et souhait\u00e9 du CESU et cette double identification (dispositif France Connect)&nbsp; aurait pour m\u00e9rite d&#8217;\u00e9viter <strong>que des accueillants qui ne sont pas en droit d&#8217;intervenir sur les comptes employeurs<\/strong> se retrouvent avec des probl\u00e8mes graves et notamment devant le tribunal d&#8217;instance lorsque suite \u00e0 une rupture de contrat ou au d\u00e9c\u00e8s de la personne accueillie on retrouve une partie de la famille naturelle (les proches de la personne accueillie)&nbsp; particuli\u00e8rement virulente qui vient demander des comptes concernant des contreparties financi\u00e8res major\u00e9es et&nbsp; injustifi\u00e9es \u00e0 leurs yeux. ET Oui cela existe !<\/p>\n\n\n\n<p style=\"font-size:15px\">Nous avons d\u00e9j\u00e0 alert\u00e9 \u00e9galement la Direction de l&#8217;Autonomie de Lille concernant quelques pratiques de certains travailleurs sociaux qui pensant &#8220;accompagner&#8221; l&#8217;accueillant ou la personne accueillie utilisent la faiblesse du dispositif CESU pour instruire des comptes employeurs et \u00e9tablir des d\u00e9clarations aupr\u00e8s de l&#8217;URSSAF sans avoir re\u00e7u la moindre autorisation ni du P\u00f4le autonomie et encore moins de la Direction de l&#8217;Autonomie. Il faut que cela cesse&#8230; L&#8217;accueil m\u00e9rite mieux que ce bricolage !<\/p>\n\n\n\n<p style=\"font-size:15px\">Dans tous les cas cit\u00e9s ci-dessus, l&#8217;accueillant familial paie toujours &#8220;les pots cass\u00e9s&#8221; et doit supporter les dommages et place les deux signataires du contrat d&#8217;accueil dans un contentieux dont l&#8217;accueillant n&#8217;aura pas le soutien du D\u00e9partement &#8230; c&#8217;est un fait !<\/p>\n\n\n\n<p style=\"font-size:15px\">Autre souci avec le CESU, celui-ci utilise un logiciel qui calcule les cotisations de charges sociales \u00e0 partir du net et non du Brut comme la plupart des bons logiciels de paie.\u00a0 C&#8217;est pourtant l\u00e9gal et je r\u00e9p\u00e8te une fois de plus que SEUL le relev\u00e9 des contreparties financi\u00e8res du CESU est consid\u00e9r\u00e9 comme le SEUL document l\u00e9gal tra\u00e7ant mensuellement les contreparties financi\u00e8res d&#8217;un contrat d&#8217;accueil.<\/p>\n\n\n\n<p style=\"font-size:15px\">En f\u00e9vrier 2020, nous avions d\u00e9j\u00e0 interpell\u00e9 par courrier recommand\u00e9 les &#8220;grosses&#8221; asso de tutelles comme ATINORD et la SIP qui sous contrat avec leur prestataire administratif \u00e9dite des bulletins de r\u00e9mun\u00e9rations qui font double emploi et &#8221; embrouille&#8221; l&#8217;accueillant, d&#8217;autant plus que les montants a payer sont diff\u00e9rents du CESU et utilise des informations confidentielles tel que le taux d&#8217;imposition de l&#8217;accueillant transmis du service des imp\u00f4t uniquement au CESU&nbsp; L\u00e0 \u00e9galement il faut que cela cesse ! &#8211; <\/p>\n\n\n\n<p style=\"font-size:15px\">J&#8217;invite les Accueillants familiaux concern\u00e9s \u00e0 se mobiliser et a faire remonter aupr\u00e8s des tutelles, leurs m\u00e9contentements devant cette pratique qui dure depuis trop longtemps.<\/p>\n\n\n\n<p style=\"font-size:15px\">Enfin, Affable59 et d&#8217;autres esp\u00e8rent un jour \u00eatre entendu sur ces \u00e9volutions du CESU &#8230; mais si esp\u00e9rer, c&#8217;est avant tout attendre&#8230;dans l&#8217;imm\u00e9diat, il est de notre ressort, nous accueillants familiaux, de poursuivre notre activit\u00e9 dans les meilleures conditions en respectant le cadre l\u00e9gal. <\/p>\n\n\n\n<p style=\"font-size:15px\">N&#8217;esp\u00e9rer aucune gratitude, aucune reconnaissance de quiconque en \u00e9tablissant vous m\u00eame, les relev\u00e9s des contreparties financi\u00e8res , ce n&#8217;est pas votre c\u0153ur de m\u00e9tier. C&#8217;est interdit, cela rel\u00e8ve de l&#8217;obligation l\u00e9gale du particulier employeur, de son repr\u00e9sentant l\u00e9gal ou de son prestataire administratif.<\/p>\n\n\n\n<p style=\"font-size:15px\">Vos d\u00e9vou\u00e9s,<\/p>\n\n\n\n<p style=\"font-size:15px\">L&#8217;\u00e9quipe Affable59 &#8211; Jean Paul Degheselle, pr\u00e9sident fondateur<\/p>\n\n\n\n<p class=\"has-black-color has-pale-cyan-blue-background-color has-text-color has-background\" style=\"font-size:14px\"><strong><em>Nous sommes un lieu d&#8217;\u00e9coute, d\u2019\u00e9change et d&#8217;appui technique d\u00e9di\u00e9 aux acteurs de l&#8217;accueil familial au profit des personnes \u00e2g\u00e9es et adultes en situation de handicap du D\u00e9partement du NORD<\/em><\/strong> &nbsp;<\/p>\n\n\n\n<figure class=\"wp-block-table\"><table class=\"has-white-color has-white-background-color has-text-color has-background\"><tbody><tr><td><\/td><\/tr><tr><td><\/td><\/tr><tr><td> &nbsp; <\/td><\/tr><tr><td>  <\/td><\/tr><tr><td><br><\/td><\/tr><\/tbody><\/table><\/figure>\n","protected":false},"excerpt":{"rendered":"<p>Affable59 \/Accueil familial \/ News du 15\/11\/2022 \/ CESU&#8230; Acteur de l&#8217;accueil familial ? Newsletter distribu\u00e9e \u00e0 2850 destinataires : Accueillants, repr\u00e9sentants l\u00e9gaux, familles naturelles, acteurs de l&#8217;accueil familial , Conseillers d\u00e9partementaux, d\u00e9put\u00e9s et s\u00e9nateurs, \u00c9lus et politiques, services du D\u00e9partement du Nord, professionnels de sant\u00e9, Associations d\u00e9di\u00e9es \u00e0 l&#8217;autonomie des personnes \u00e2g\u00e9es et\/ou en [&hellip;]<\/p>\n","protected":false},"author":2,"featured_media":0,"comment_status":"open","ping_status":"open","sticky":false,"template":"","format":"standard","meta":{"footnotes":""},"categories":[1],"tags":[],"_links":{"self":[{"href":"https:\/\/affable59.fr\/dj419799-ovh\/index.php\/wp-json\/wp\/v2\/posts\/628"}],"collection":[{"href":"https:\/\/affable59.fr\/dj419799-ovh\/index.php\/wp-json\/wp\/v2\/posts"}],"about":[{"href":"https:\/\/affable59.fr\/dj419799-ovh\/index.php\/wp-json\/wp\/v2\/types\/post"}],"author":[{"embeddable":true,"href":"https:\/\/affable59.fr\/dj419799-ovh\/index.php\/wp-json\/wp\/v2\/users\/2"}],"replies":[{"embeddable":true,"href":"https:\/\/affable59.fr\/dj419799-ovh\/index.php\/wp-json\/wp\/v2\/comments?post=628"}],"version-history":[{"count":11,"href":"https:\/\/affable59.fr\/dj419799-ovh\/index.php\/wp-json\/wp\/v2\/posts\/628\/revisions"}],"predecessor-version":[{"id":644,"href":"https:\/\/affable59.fr\/dj419799-ovh\/index.php\/wp-json\/wp\/v2\/posts\/628\/revisions\/644"}],"wp:attachment":[{"href":"https:\/\/affable59.fr\/dj419799-ovh\/index.php\/wp-json\/wp\/v2\/media?parent=628"}],"wp:term":[{"taxonomy":"category","embeddable":true,"href":"https:\/\/affable59.fr\/dj419799-ovh\/index.php\/wp-json\/wp\/v2\/categories?post=628"},{"taxonomy":"post_tag","embeddable":true,"href":"https:\/\/affable59.fr\/dj419799-ovh\/index.php\/wp-json\/wp\/v2\/tags?post=628"}],"curies":[{"name":"wp","href":"https:\/\/api.w.org\/{rel}","templated":true}]}}